{"id":4216,"date":"2020-03-26T10:51:00","date_gmt":"2020-03-26T09:51:00","guid":{"rendered":"https:\/\/cftc-xerox.org\/xgs\/?p=4216"},"modified":"2020-03-26T14:04:07","modified_gmt":"2020-03-26T13:04:07","slug":"les-reponses-du-service-politique-sociale-de-la-cftc-a-vos-questions-les-plus-frequentes-concernant-lanimation-du-cse-en-cette-periode-de-crise-sanitaire","status":"publish","type":"post","link":"https:\/\/cftc-xerox.org\/xts\/2020\/03\/26\/les-reponses-du-service-politique-sociale-de-la-cftc-a-vos-questions-les-plus-frequentes-concernant-lanimation-du-cse-en-cette-periode-de-crise-sanitaire\/","title":{"rendered":"Les r\u00e9ponses du service politique sociale de la CFTC \u00e0 vos questions les plus fr\u00e9quentes, concernant l&rsquo;animation du CSE en cette p\u00e9riode de crise sanitaire."},"content":{"rendered":"L\u2019employeur peut-il prendre des dispositions pour faire face \u00e0 la crise sanitaire sans informer et consulter les\u00a0 repr\u00e9sentants du personnel <a href=\"https:\/\/cftc-xerox.org\/xts\/2020\/03\/26\/les-reponses-du-service-politique-sociale-de-la-cftc-a-vos-questions-les-plus-frequentes-concernant-lanimation-du-cse-en-cette-periode-de-crise-sanitaire\/\" class=\"more-link\">(suite\u2026)<\/a>","protected":false},"excerpt":{"rendered":"<p>L\u2019employeur peut-il prendre des dispositions pour faire face \u00e0 la crise sanitaire sans informer et consulter les\u00a0 repr\u00e9sentants du personnel (suite\u2026)<\/p>\n","protected":false},"author":6,"featured_media":4217,"comment_status":"open","ping_status":"open","sticky":false,"template":"","format":"standard","meta":{"footnotes":""},"categories":[12,36],"tags":[738,1029,1028],"class_list":["post-4216","post","type-post","status-publish","format-standard","has-post-thumbnail","hentry","category-instances-ce","category-cftc-news","tag-cse","tag-video-conference","tag-visio","entry"],"_links":{"self":[{"href":"https:\/\/cftc-xerox.org\/xts\/wp-json\/wp\/v2\/posts\/4216","targetHints":{"allow":["GET"]}}],"collection":[{"href":"https:\/\/cftc-xerox.org\/xts\/wp-json\/wp\/v2\/posts"}],"about":[{"href":"https:\/\/cftc-xerox.org\/xts\/wp-json\/wp\/v2\/types\/post"}],"author":[{"embeddable":true,"href":"https:\/\/cftc-xerox.org\/xts\/wp-json\/wp\/v2\/users\/6"}],"replies":[{"embeddable":true,"href":"https:\/\/cftc-xerox.org\/xts\/wp-json\/wp\/v2\/comments?post=4216"}],"version-history":[{"count":0,"href":"https:\/\/cftc-xerox.org\/xts\/wp-json\/wp\/v2\/posts\/4216\/revisions"}],"wp:featuredmedia":[{"embeddable":true,"href":"https:\/\/cftc-xerox.org\/xts\/wp-json\/wp\/v2\/media\/4217"}],"wp:attachment":[{"href":"https:\/\/cftc-xerox.org\/xts\/wp-json\/wp\/v2\/media?parent=4216"}],"wp:term":[{"taxonomy":"category","embeddable":true,"href":"https:\/\/cftc-xerox.org\/xts\/wp-json\/wp\/v2\/categories?post=4216"},{"taxonomy":"post_tag","embeddable":true,"href":"https:\/\/cftc-xerox.org\/xts\/wp-json\/wp\/v2\/tags?post=4216"}],"curies":[{"name":"wp","href":"https:\/\/api.w.org\/{rel}","templated":true}]}}